{"id":324,"date":"2022-12-08T10:58:06","date_gmt":"2022-12-08T15:58:06","guid":{"rendered":"https:\/\/creations-interieures.com\/?p=324"},"modified":"2023-03-21T16:09:18","modified_gmt":"2023-03-21T20:09:18","slug":"comment-proceder-au-choix-de-coloration-de-votre-prochain-projet","status":"publish","type":"post","link":"https:\/\/creations-interieures.com\/en\/comment-proceder-au-choix-de-coloration-de-votre-prochain-projet\/","title":{"rendered":"Comment proc\u00e9der au choix de coloration de votre prochain projet?"},"content":{"rendered":"<div class=\"fusion-fullwidth fullwidth-box fusion-builder-row-1 fusion-flex-container has-pattern-background has-mask-background nonhundred-percent-fullwidth non-hundred-percent-height-scrolling\" style=\"--awb-border-radius-top-left:0px;--awb-border-radius-top-right:0px;--awb-border-radius-bottom-right:0px;--awb-border-radius-bottom-left:0px;--awb-flex-wrap:wrap;\" ><div class=\"fusion-builder-row fusion-row fusion-flex-align-items-flex-start fusion-flex-content-wrap\" style=\"max-width:1664px;margin-left: calc(-4% \/ 2 );margin-right: calc(-4% \/ 2 );\"><div class=\"fusion-layout-column fusion_builder_column fusion-builder-column-0 fusion_builder_column_1_1 1_1 fusion-flex-column\" style=\"--awb-bg-size:cover;--awb-width-large:100%;--awb-margin-top-large:0px;--awb-spacing-right-large:1.92%;--awb-margin-bottom-large:20px;--awb-spacing-left-large:1.92%;--awb-width-medium:100%;--awb-order-medium:0;--awb-spacing-right-medium:1.92%;--awb-spacing-left-medium:1.92%;--awb-width-small:100%;--awb-order-small:0;--awb-spacing-right-small:1.92%;--awb-spacing-left-small:1.92%;\"><div class=\"fusion-column-wrapper fusion-column-has-shadow fusion-flex-justify-content-flex-start fusion-content-layout-column\"><div class=\"fusion-text fusion-text-1\"><div class=\"x11i5rnm xat24cr x1mh8g0r x1vvkbs xtlvy1s x126k92a\">\n<div dir=\"auto\">\ud83d\ude0e <strong>Comment proc\u00e9der au choix de coloration de votre prochain projet?<\/strong><\/div>\n<\/div>\n<div dir=\"auto\"><\/div>\n<div class=\"x11i5rnm xat24cr x1mh8g0r x1vvkbs xtlvy1s x126k92a\">\n<div dir=\"auto\">En ce beau mois de d\u00e9cembre o\u00f9 la lumi\u00e8re naturel se fait de plus en plus rare, nous avons d\u00e9cid\u00e9 de vous parler de COULEUR! Il y a tellement d\u2019\u00e9l\u00e9ments \u00e0 penser quand on am\u00e9nage une pi\u00e8ce, que d\u2019agencer les mat\u00e9riaux au couleur et au texture peut s\u2019av\u00e9rer plus difficile que l\u2019on pensait. C\u2019est pourquoi la capsule d\u2019aujourd\u2019hui vous donnera des conseils sur comment proc\u00e9der au choix de coloration de votre prochain projet.<\/div>\n<div dir=\"auto\"><\/div>\n<\/div>\n<div class=\"x11i5rnm xat24cr x1mh8g0r x1vvkbs xtlvy1s x126k92a\">\n<div dir=\"auto\">\u27a1 Tout d\u2019abord, il peut \u00eatre important de penser \u00e0 l\u2019orientation de la pi\u00e8ce.<\/div>\n<div dir=\"auto\"><\/div>\n<div dir=\"auto\">\u27a1 En effet, si celle-ci est dispos\u00e9 ver le Nord, il y a donc un manque de luminosit\u00e9. Vous devez choisir un ton de lumi\u00e8re plus chaud pour compenser.<\/div>\n<div dir=\"auto\"><\/div>\n<div dir=\"auto\">\u27a1 Cependant, si votre pi\u00e8ce est orient\u00e9 vers le Sud, vous devrez normalement choisir des couleurs plus douces pour \u00e9viter une trop grande exposition de couleur avec la pr\u00e9sence du soleil.<\/div>\n<div dir=\"auto\"><\/div>\n<\/div>\n<div class=\"x11i5rnm xat24cr x1mh8g0r x1vvkbs xtlvy1s x126k92a\">\n<div dir=\"auto\">\u27a1 Par la suite, il est crucial de conna\u00eetre les mat\u00e9riaux et l\u2019ameublement de la pi\u00e8ce en question.<\/div>\n<div dir=\"auto\"><\/div>\n<div dir=\"auto\">\u27a1 L\u2019agencement de couleurs d\u00e9pendra principalement de ce qu\u2019il y a dans la pi\u00e8ce. Que ce soit une finition chrome des accessoires, du bois ou m\u00eame de tissu.<\/div>\n<div dir=\"auto\"><\/div>\n<\/div>\n<div class=\"x11i5rnm xat24cr x1mh8g0r x1vvkbs xtlvy1s x126k92a\">\n<div dir=\"auto\">\u27a1 De plus, il peut \u00eatre important de conna\u00eetre les sensations et \u00e9motions qu\u2019une couleur peut vous procurer, car vous devez choisir vos couleurs en fonction de la pi\u00e8ce en question.<\/div>\n<div dir=\"auto\"><\/div>\n<div dir=\"auto\">\u27a1 Par exemple, pour une chambre \u00e0 coucher vous devez choisir des couleurs apaisantes et calmes qui nous rappellent la d\u00e9tente.<\/div>\n<div dir=\"auto\"><\/div>\n<div dir=\"auto\">\u27a1 Sachez que des couleurs douces, froides et neutres cr\u00e9ent normalement une sensation de calme et de concentration, tandis que les couleurs plus chaudes apportent une sensation de joie, bonne humeur.<\/div>\n<div dir=\"auto\"><\/div>\n<\/div>\n<div class=\"x11i5rnm xat24cr x1mh8g0r x1vvkbs xtlvy1s x126k92a\">\n<div dir=\"auto\">\u27a1 Finalement, il est crucial de se rappeler de la r\u00e8gle du 60-30-10.<\/div>\n<div dir=\"auto\"><\/div>\n<div dir=\"auto\">\u27a1 Lorsque vous peinturez, vous pouvez diviser la couleur dominante (g\u00e9n\u00e9ralement sur les murs) en 60% de la pi\u00e8ce, vous pouvez diviser la couleur secondaire (portes, plafond, etc.) en 30% de la pi\u00e8ce et diviser la couleur accent (accessoires de d\u00e9coration) en 10% de la pi\u00e8ce.<\/div>\n<div dir=\"auto\"><\/div>\n<div dir=\"auto\">\u27a1 Ce rapport apportera un \u00e9quilibre des couleurs dans votre pi\u00e8ce.<\/div>\n<div dir=\"auto\"><\/div>\n<\/div>\n<div class=\"x11i5rnm xat24cr x1mh8g0r x1vvkbs xtlvy1s x126k92a\">\n<div dir=\"auto\">Bref, laissez aller votre cr\u00e9ativit\u00e9 dans ce processus selon vos go\u00fbts!!<\/div>\n<div dir=\"auto\"><\/div>\n<\/div>\n<div class=\"x11i5rnm xat24cr x1mh8g0r x1vvkbs xtlvy1s x126k92a\">\n<div dir=\"auto\">Bon samedi \u00e0 tous!<\/div>\n<\/div>\n<\/div><div ><a class=\"fusion-button button-flat fusion-button-default-size button-default fusion-button-default button-1 fusion-button-default-span fusion-button-default-type\" target=\"_self\" href=\"https:\/\/creations-interieures.com\/#contact\"><span class=\"fusion-button-text\">Je veux \u00eatre conseill\u00e9 pour ma coloration<\/span><\/a><\/div><\/div><\/div><\/div><\/div>\n","protected":false},"excerpt":{"rendered":"","protected":false},"author":2,"featured_media":339,"comment_status":"closed","ping_status":"closed","sticky":false,"template":"","format":"standard","meta":{"footnotes":""},"categories":[5],"tags":[],"class_list":["post-324","post","type-post","status-publish","format-standard","has-post-thumbnail","hentry","category-conseils-deco"],"yoast_head":"<!-- This site is optimized with the Yoast SEO plugin v27.5 - https:\/\/yoast.com\/product\/yoast-seo-wordpress\/ -->\n<title>Comment proc\u00e9der au choix de coloration de votre prochain projet? - Cr&eacute;ations Int&eacute;rieures - Marie-Pier Desjardins<\/title>\n<meta name=\"robots\" content=\"index, follow, max-snippet:-1, max-image-preview:large, max-video-preview:-1\" \/>\n<link rel=\"canonical\" href=\"https:\/\/creations-interieures.com\/en\/comment-proceder-au-choix-de-coloration-de-votre-prochain-projet\/\" \/>\n<meta property=\"og:locale\" content=\"fr_CA\" \/>\n<meta property=\"og:type\" content=\"article\" \/>\n<meta property=\"og:title\" content=\"Comment proc\u00e9der au choix de coloration de votre prochain projet? - Cr&eacute;ations Int&eacute;rieures - Marie-Pier Desjardins\" \/>\n<meta property=\"og:url\" content=\"https:\/\/creations-interieures.com\/en\/comment-proceder-au-choix-de-coloration-de-votre-prochain-projet\/\" \/>\n<meta property=\"og:site_name\" content=\"Cr&eacute;ations Int&eacute;rieures - Marie-Pier Desjardins\" \/>\n<meta property=\"article:publisher\" content=\"https:\/\/www.facebook.com\/profile.php?id=100064656193393\" \/>\n<meta property=\"article:published_time\" content=\"2022-12-08T15:58:06+00:00\" \/>\n<meta property=\"article:modified_time\" content=\"2023-03-21T20:09:18+00:00\" \/>\n<meta property=\"og:image\" content=\"https:\/\/creations-interieures.com\/en\/wp-content\/uploads\/2022\/12\/vlog-coloration-piece-creations-interieures.png\" \/>\n\t<meta property=\"og:image:width\" content=\"600\" \/>\n\t<meta property=\"og:image:height\" content=\"200\" \/>\n\t<meta property=\"og:image:type\" content=\"image\/png\" \/>\n<meta name=\"author\" content=\"marie-pier\" \/>\n<meta name=\"twitter:card\" content=\"summary_large_image\" \/>\n<meta name=\"twitter:label1\" content=\"\u00c9crit par\" \/>\n\t<meta name=\"twitter:data1\" content=\"marie-pier\" \/>\n\t<meta name=\"twitter:label2\" content=\"Estimation du temps de lecture\" \/>\n\t<meta name=\"twitter:data2\" content=\"5 minutes\" \/>\n<script type=\"application\/ld+json\" class=\"yoast-schema-graph\">{\"@context\":\"https:\\\/\\\/schema.org\",\"@graph\":[{\"@type\":\"Article\",\"@id\":\"https:\\\/\\\/creations-interieures.com\\\/en\\\/comment-proceder-au-choix-de-coloration-de-votre-prochain-projet\\\/#article\",\"isPartOf\":{\"@id\":\"https:\\\/\\\/creations-interieures.com\\\/en\\\/comment-proceder-au-choix-de-coloration-de-votre-prochain-projet\\\/\"},\"author\":{\"name\":\"marie-pier\",\"@id\":\"https:\\\/\\\/creations-interieures.com\\\/en\\\/#\\\/schema\\\/person\\\/85069cd9e77178c31ac1a10b8c5de9d4\"},\"headline\":\"Comment proc\u00e9der au choix de coloration de votre prochain projet?\",\"datePublished\":\"2022-12-08T15:58:06+00:00\",\"dateModified\":\"2023-03-21T20:09:18+00:00\",\"mainEntityOfPage\":{\"@id\":\"https:\\\/\\\/creations-interieures.com\\\/en\\\/comment-proceder-au-choix-de-coloration-de-votre-prochain-projet\\\/\"},\"wordCount\":1030,\"publisher\":{\"@id\":\"https:\\\/\\\/creations-interieures.com\\\/en\\\/#organization\"},\"image\":{\"@id\":\"https:\\\/\\\/creations-interieures.com\\\/en\\\/comment-proceder-au-choix-de-coloration-de-votre-prochain-projet\\\/#primaryimage\"},\"thumbnailUrl\":\"https:\\\/\\\/creations-interieures.com\\\/en\\\/wp-content\\\/uploads\\\/2022\\\/12\\\/vlog-coloration-piece-creations-interieures.png\",\"articleSection\":[\"Conseils d\u00e9co\"],\"inLanguage\":\"fr-CA\"},{\"@type\":\"WebPage\",\"@id\":\"https:\\\/\\\/creations-interieures.com\\\/en\\\/comment-proceder-au-choix-de-coloration-de-votre-prochain-projet\\\/\",\"url\":\"https:\\\/\\\/creations-interieures.com\\\/en\\\/comment-proceder-au-choix-de-coloration-de-votre-prochain-projet\\\/\",\"name\":\"Comment proc\u00e9der au choix de coloration de votre prochain projet? - Cr&eacute;ations Int&eacute;rieures - Marie-Pier Desjardins\",\"isPartOf\":{\"@id\":\"https:\\\/\\\/creations-interieures.com\\\/en\\\/#website\"},\"primaryImageOfPage\":{\"@id\":\"https:\\\/\\\/creations-interieures.com\\\/en\\\/comment-proceder-au-choix-de-coloration-de-votre-prochain-projet\\\/#primaryimage\"},\"image\":{\"@id\":\"https:\\\/\\\/creations-interieures.com\\\/en\\\/comment-proceder-au-choix-de-coloration-de-votre-prochain-projet\\\/#primaryimage\"},\"thumbnailUrl\":\"https:\\\/\\\/creations-interieures.com\\\/en\\\/wp-content\\\/uploads\\\/2022\\\/12\\\/vlog-coloration-piece-creations-interieures.png\",\"datePublished\":\"2022-12-08T15:58:06+00:00\",\"dateModified\":\"2023-03-21T20:09:18+00:00\",\"breadcrumb\":{\"@id\":\"https:\\\/\\\/creations-interieures.com\\\/en\\\/comment-proceder-au-choix-de-coloration-de-votre-prochain-projet\\\/#breadcrumb\"},\"inLanguage\":\"fr-CA\",\"potentialAction\":[{\"@type\":\"ReadAction\",\"target\":[\"https:\\\/\\\/creations-interieures.com\\\/en\\\/comment-proceder-au-choix-de-coloration-de-votre-prochain-projet\\\/\"]}]},{\"@type\":\"ImageObject\",\"inLanguage\":\"fr-CA\",\"@id\":\"https:\\\/\\\/creations-interieures.com\\\/en\\\/comment-proceder-au-choix-de-coloration-de-votre-prochain-projet\\\/#primaryimage\",\"url\":\"https:\\\/\\\/creations-interieures.com\\\/en\\\/wp-content\\\/uploads\\\/2022\\\/12\\\/vlog-coloration-piece-creations-interieures.png\",\"contentUrl\":\"https:\\\/\\\/creations-interieures.com\\\/en\\\/wp-content\\\/uploads\\\/2022\\\/12\\\/vlog-coloration-piece-creations-interieures.png\",\"width\":600,\"height\":200,\"caption\":\"Professionnel sp\u00e9cialis\u00e9 dans la conception et l'am\u00e9nagement d'espaces int\u00e9rieurs\"},{\"@type\":\"BreadcrumbList\",\"@id\":\"https:\\\/\\\/creations-interieures.com\\\/en\\\/comment-proceder-au-choix-de-coloration-de-votre-prochain-projet\\\/#breadcrumb\",\"itemListElement\":[{\"@type\":\"ListItem\",\"position\":1,\"name\":\"Accueil\",\"item\":\"https:\\\/\\\/creations-interieures.com\\\/en\\\/\"},{\"@type\":\"ListItem\",\"position\":2,\"name\":\"Comment proc\u00e9der au choix de coloration de votre prochain projet?\"}]},{\"@type\":\"WebSite\",\"@id\":\"https:\\\/\\\/creations-interieures.com\\\/en\\\/#website\",\"url\":\"https:\\\/\\\/creations-interieures.com\\\/en\\\/\",\"name\":\"Marie-Pier Desjardins, Designer Int\u00e9rieur\",\"description\":\"Designer Int&eacute;rieur, conception, d&eacute;coration, relook\",\"publisher\":{\"@id\":\"https:\\\/\\\/creations-interieures.com\\\/en\\\/#organization\"},\"potentialAction\":[{\"@type\":\"SearchAction\",\"target\":{\"@type\":\"EntryPoint\",\"urlTemplate\":\"https:\\\/\\\/creations-interieures.com\\\/en\\\/?s={search_term_string}\"},\"query-input\":{\"@type\":\"PropertyValueSpecification\",\"valueRequired\":true,\"valueName\":\"search_term_string\"}}],\"inLanguage\":\"fr-CA\"},{\"@type\":\"Organization\",\"@id\":\"https:\\\/\\\/creations-interieures.com\\\/en\\\/#organization\",\"name\":\"Sp\u00e9cialis\u00e9 dans la conception et l'am\u00e9nagement d'espaces int\u00e9rieurs\",\"url\":\"https:\\\/\\\/creations-interieures.com\\\/en\\\/\",\"logo\":{\"@type\":\"ImageObject\",\"inLanguage\":\"fr-CA\",\"@id\":\"https:\\\/\\\/creations-interieures.com\\\/en\\\/#\\\/schema\\\/logo\\\/image\\\/\",\"url\":\"https:\\\/\\\/creations-interieures.com\\\/wp-content\\\/uploads\\\/2021\\\/12\\\/logo-ci-almond-chestnut-1.png\",\"contentUrl\":\"https:\\\/\\\/creations-interieures.com\\\/wp-content\\\/uploads\\\/2021\\\/12\\\/logo-ci-almond-chestnut-1.png\",\"width\":400,\"height\":343,\"caption\":\"Sp\u00e9cialis\u00e9 dans la conception et l'am\u00e9nagement d'espaces int\u00e9rieurs\"},\"image\":{\"@id\":\"https:\\\/\\\/creations-interieures.com\\\/en\\\/#\\\/schema\\\/logo\\\/image\\\/\"},\"sameAs\":[\"https:\\\/\\\/www.facebook.com\\\/profile.php?id=100064656193393\"]},{\"@type\":\"Person\",\"@id\":\"https:\\\/\\\/creations-interieures.com\\\/en\\\/#\\\/schema\\\/person\\\/85069cd9e77178c31ac1a10b8c5de9d4\",\"name\":\"marie-pier\",\"image\":{\"@type\":\"ImageObject\",\"inLanguage\":\"fr-CA\",\"@id\":\"https:\\\/\\\/secure.gravatar.com\\\/avatar\\\/2176b9370443aaac1b8301cc05d052430dc72e49bde24f0c63c600a993d25ca7?s=96&d=mm&r=g\",\"url\":\"https:\\\/\\\/secure.gravatar.com\\\/avatar\\\/2176b9370443aaac1b8301cc05d052430dc72e49bde24f0c63c600a993d25ca7?s=96&d=mm&r=g\",\"contentUrl\":\"https:\\\/\\\/secure.gravatar.com\\\/avatar\\\/2176b9370443aaac1b8301cc05d052430dc72e49bde24f0c63c600a993d25ca7?s=96&d=mm&r=g\",\"caption\":\"marie-pier\"},\"url\":\"https:\\\/\\\/creations-interieures.com\\\/en\\\/author\\\/marie-pier\\\/\"}]}<\/script>\n<!-- \/ Yoast SEO plugin. -->","yoast_head_json":{"title":"Comment proc\u00e9der au choix de coloration de votre prochain projet? - Cr&eacute;ations Int&eacute;rieures - Marie-Pier Desjardins","robots":{"index":"index","follow":"follow","max-snippet":"max-snippet:-1","max-image-preview":"max-image-preview:large","max-video-preview":"max-video-preview:-1"},"canonical":"https:\/\/creations-interieures.com\/en\/comment-proceder-au-choix-de-coloration-de-votre-prochain-projet\/","og_locale":"fr_CA","og_type":"article","og_title":"Comment proc\u00e9der au choix de coloration de votre prochain projet? - Cr&eacute;ations Int&eacute;rieures - Marie-Pier Desjardins","og_url":"https:\/\/creations-interieures.com\/en\/comment-proceder-au-choix-de-coloration-de-votre-prochain-projet\/","og_site_name":"Cr&eacute;ations Int&eacute;rieures - Marie-Pier Desjardins","article_publisher":"https:\/\/www.facebook.com\/profile.php?id=100064656193393","article_published_time":"2022-12-08T15:58:06+00:00","article_modified_time":"2023-03-21T20:09:18+00:00","og_image":[{"width":600,"height":200,"url":"https:\/\/creations-interieures.com\/en\/wp-content\/uploads\/2022\/12\/vlog-coloration-piece-creations-interieures.png","type":"image\/png"}],"author":"marie-pier","twitter_card":"summary_large_image","twitter_misc":{"\u00c9crit par":"marie-pier","Estimation du temps de lecture":"5 minutes"},"schema":{"@context":"https:\/\/schema.org","@graph":[{"@type":"Article","@id":"https:\/\/creations-interieures.com\/en\/comment-proceder-au-choix-de-coloration-de-votre-prochain-projet\/#article","isPartOf":{"@id":"https:\/\/creations-interieures.com\/en\/comment-proceder-au-choix-de-coloration-de-votre-prochain-projet\/"},"author":{"name":"marie-pier","@id":"https:\/\/creations-interieures.com\/en\/#\/schema\/person\/85069cd9e77178c31ac1a10b8c5de9d4"},"headline":"Comment proc\u00e9der au choix de coloration de votre prochain projet?","datePublished":"2022-12-08T15:58:06+00:00","dateModified":"2023-03-21T20:09:18+00:00","mainEntityOfPage":{"@id":"https:\/\/creations-interieures.com\/en\/comment-proceder-au-choix-de-coloration-de-votre-prochain-projet\/"},"wordCount":1030,"publisher":{"@id":"https:\/\/creations-interieures.com\/en\/#organization"},"image":{"@id":"https:\/\/creations-interieures.com\/en\/comment-proceder-au-choix-de-coloration-de-votre-prochain-projet\/#primaryimage"},"thumbnailUrl":"https:\/\/creations-interieures.com\/en\/wp-content\/uploads\/2022\/12\/vlog-coloration-piece-creations-interieures.png","articleSection":["Conseils d\u00e9co"],"inLanguage":"fr-CA"},{"@type":"WebPage","@id":"https:\/\/creations-interieures.com\/en\/comment-proceder-au-choix-de-coloration-de-votre-prochain-projet\/","url":"https:\/\/creations-interieures.com\/en\/comment-proceder-au-choix-de-coloration-de-votre-prochain-projet\/","name":"Comment proc\u00e9der au choix de coloration de votre prochain projet? - Cr&eacute;ations Int&eacute;rieures - Marie-Pier Desjardins","isPartOf":{"@id":"https:\/\/creations-interieures.com\/en\/#website"},"primaryImageOfPage":{"@id":"https:\/\/creations-interieures.com\/en\/comment-proceder-au-choix-de-coloration-de-votre-prochain-projet\/#primaryimage"},"image":{"@id":"https:\/\/creations-interieures.com\/en\/comment-proceder-au-choix-de-coloration-de-votre-prochain-projet\/#primaryimage"},"thumbnailUrl":"https:\/\/creations-interieures.com\/en\/wp-content\/uploads\/2022\/12\/vlog-coloration-piece-creations-interieures.png","datePublished":"2022-12-08T15:58:06+00:00","dateModified":"2023-03-21T20:09:18+00:00","breadcrumb":{"@id":"https:\/\/creations-interieures.com\/en\/comment-proceder-au-choix-de-coloration-de-votre-prochain-projet\/#breadcrumb"},"inLanguage":"fr-CA","potentialAction":[{"@type":"ReadAction","target":["https:\/\/creations-interieures.com\/en\/comment-proceder-au-choix-de-coloration-de-votre-prochain-projet\/"]}]},{"@type":"ImageObject","inLanguage":"fr-CA","@id":"https:\/\/creations-interieures.com\/en\/comment-proceder-au-choix-de-coloration-de-votre-prochain-projet\/#primaryimage","url":"https:\/\/creations-interieures.com\/en\/wp-content\/uploads\/2022\/12\/vlog-coloration-piece-creations-interieures.png","contentUrl":"https:\/\/creations-interieures.com\/en\/wp-content\/uploads\/2022\/12\/vlog-coloration-piece-creations-interieures.png","width":600,"height":200,"caption":"Professionnel sp\u00e9cialis\u00e9 dans la conception et l'am\u00e9nagement d'espaces int\u00e9rieurs"},{"@type":"BreadcrumbList","@id":"https:\/\/creations-interieures.com\/en\/comment-proceder-au-choix-de-coloration-de-votre-prochain-projet\/#breadcrumb","itemListElement":[{"@type":"ListItem","position":1,"name":"Accueil","item":"https:\/\/creations-interieures.com\/en\/"},{"@type":"ListItem","position":2,"name":"Comment proc\u00e9der au choix de coloration de votre prochain projet?"}]},{"@type":"WebSite","@id":"https:\/\/creations-interieures.com\/en\/#website","url":"https:\/\/creations-interieures.com\/en\/","name":"Marie-Pier Desjardins, Designer Int\u00e9rieur","description":"Designer Int&eacute;rieur, conception, d&eacute;coration, relook","publisher":{"@id":"https:\/\/creations-interieures.com\/en\/#organization"},"potentialAction":[{"@type":"SearchAction","target":{"@type":"EntryPoint","urlTemplate":"https:\/\/creations-interieures.com\/en\/?s={search_term_string}"},"query-input":{"@type":"PropertyValueSpecification","valueRequired":true,"valueName":"search_term_string"}}],"inLanguage":"fr-CA"},{"@type":"Organization","@id":"https:\/\/creations-interieures.com\/en\/#organization","name":"Sp\u00e9cialis\u00e9 dans la conception et l'am\u00e9nagement d'espaces int\u00e9rieurs","url":"https:\/\/creations-interieures.com\/en\/","logo":{"@type":"ImageObject","inLanguage":"fr-CA","@id":"https:\/\/creations-interieures.com\/en\/#\/schema\/logo\/image\/","url":"https:\/\/creations-interieures.com\/wp-content\/uploads\/2021\/12\/logo-ci-almond-chestnut-1.png","contentUrl":"https:\/\/creations-interieures.com\/wp-content\/uploads\/2021\/12\/logo-ci-almond-chestnut-1.png","width":400,"height":343,"caption":"Sp\u00e9cialis\u00e9 dans la conception et l'am\u00e9nagement d'espaces int\u00e9rieurs"},"image":{"@id":"https:\/\/creations-interieures.com\/en\/#\/schema\/logo\/image\/"},"sameAs":["https:\/\/www.facebook.com\/profile.php?id=100064656193393"]},{"@type":"Person","@id":"https:\/\/creations-interieures.com\/en\/#\/schema\/person\/85069cd9e77178c31ac1a10b8c5de9d4","name":"marie-pier","image":{"@type":"ImageObject","inLanguage":"fr-CA","@id":"https:\/\/secure.gravatar.com\/avatar\/2176b9370443aaac1b8301cc05d052430dc72e49bde24f0c63c600a993d25ca7?s=96&d=mm&r=g","url":"https:\/\/secure.gravatar.com\/avatar\/2176b9370443aaac1b8301cc05d052430dc72e49bde24f0c63c600a993d25ca7?s=96&d=mm&r=g","contentUrl":"https:\/\/secure.gravatar.com\/avatar\/2176b9370443aaac1b8301cc05d052430dc72e49bde24f0c63c600a993d25ca7?s=96&d=mm&r=g","caption":"marie-pier"},"url":"https:\/\/creations-interieures.com\/en\/author\/marie-pier\/"}]}},"_links":{"self":[{"href":"https:\/\/creations-interieures.com\/en\/wp-json\/wp\/v2\/posts\/324","targetHints":{"allow":["GET"]}}],"collection":[{"href":"https:\/\/creations-interieures.com\/en\/wp-json\/wp\/v2\/posts"}],"about":[{"href":"https:\/\/creations-interieures.com\/en\/wp-json\/wp\/v2\/types\/post"}],"author":[{"embeddable":true,"href":"https:\/\/creations-interieures.com\/en\/wp-json\/wp\/v2\/users\/2"}],"replies":[{"embeddable":true,"href":"https:\/\/creations-interieures.com\/en\/wp-json\/wp\/v2\/comments?post=324"}],"version-history":[{"count":5,"href":"https:\/\/creations-interieures.com\/en\/wp-json\/wp\/v2\/posts\/324\/revisions"}],"predecessor-version":[{"id":383,"href":"https:\/\/creations-interieures.com\/en\/wp-json\/wp\/v2\/posts\/324\/revisions\/383"}],"wp:featuredmedia":[{"embeddable":true,"href":"https:\/\/creations-interieures.com\/en\/wp-json\/wp\/v2\/media\/339"}],"wp:attachment":[{"href":"https:\/\/creations-interieures.com\/en\/wp-json\/wp\/v2\/media?parent=324"}],"wp:term":[{"taxonomy":"category","embeddable":true,"href":"https:\/\/creations-interieures.com\/en\/wp-json\/wp\/v2\/categories?post=324"},{"taxonomy":"post_tag","embeddable":true,"href":"https:\/\/creations-interieures.com\/en\/wp-json\/wp\/v2\/tags?post=324"}],"curies":[{"name":"wp","href":"https:\/\/api.w.org\/{rel}","templated":true}]}}