{"id":395,"date":"2023-03-03T10:55:09","date_gmt":"2023-03-03T15:55:09","guid":{"rendered":"https:\/\/creations-interieures.com\/?p=395"},"modified":"2023-03-21T16:09:36","modified_gmt":"2023-03-21T20:09:36","slug":"comment-donner-un-aspect-haut-de-gamme-a-notre-foyer","status":"publish","type":"post","link":"https:\/\/creations-interieures.com\/en\/comment-donner-un-aspect-haut-de-gamme-a-notre-foyer\/","title":{"rendered":"Comment donner un aspect haut de gamme \u00e0 notre foyer?"},"content":{"rendered":"<div class=\"fusion-fullwidth fullwidth-box fusion-builder-row-1 fusion-flex-container has-pattern-background has-mask-background nonhundred-percent-fullwidth non-hundred-percent-height-scrolling\" style=\"--awb-border-radius-top-left:0px;--awb-border-radius-top-right:0px;--awb-border-radius-bottom-right:0px;--awb-border-radius-bottom-left:0px;--awb-flex-wrap:wrap;\" ><div class=\"fusion-builder-row fusion-row fusion-flex-align-items-flex-start fusion-flex-content-wrap\" style=\"max-width:1664px;margin-left: calc(-4% \/ 2 );margin-right: calc(-4% \/ 2 );\"><div class=\"fusion-layout-column fusion_builder_column fusion-builder-column-0 fusion_builder_column_1_1 1_1 fusion-flex-column\" style=\"--awb-bg-size:cover;--awb-width-large:100%;--awb-margin-top-large:0px;--awb-spacing-right-large:1.92%;--awb-margin-bottom-large:20px;--awb-spacing-left-large:1.92%;--awb-width-medium:100%;--awb-order-medium:0;--awb-spacing-right-medium:1.92%;--awb-spacing-left-medium:1.92%;--awb-width-small:100%;--awb-order-small:0;--awb-spacing-right-small:1.92%;--awb-spacing-left-small:1.92%;\"><div class=\"fusion-column-wrapper fusion-column-has-shadow fusion-flex-justify-content-flex-start fusion-content-layout-column\"><div class=\"fusion-text fusion-text-1\"><p>\ud83d\udd25Les foyers sont de nos jours, non seulement fonctionnels mais d\u00e9coratifs. Ils apportent une belle chaleur naturelle et un atout architectural tr\u00e8s int\u00e9ressant \u00e0 nos espaces. Toutefois, comment pouvons-nous les mettre en valeur? Notre capsule de cette semaine vous outilleras afin de rendre vos foyers chics, distingu\u00e9s et soign\u00e9s.<\/p>\n<p>\u27a1\ufe0f D\u2019abord, le choix du rev\u00eatement est essentiel. Il ajoute de la profondeur et de la richesse aux \u00e9l\u00e9ments architecturaux. C\u2019est la fa\u00e7on de faire ressortir les d\u00e9tails uniques de votre foyer.<\/p>\n<p>\u27a1\ufe0f Vous pr\u00e9f\u00e9rez un aspect minimaliste et clair? Vous pouvez appliquer un enduit effet b\u00e9ton d\u2019une couleur p\u00e2le pour donner de la texture. Vous appr\u00e9ciez le look champ\u00eatre? Les planches de style \u00ab\u00a0shiplap\u00ab\u00a0 ainsi qu\u2019une tablette en bois massif est une belle solution. Vous aimez particuli\u00e8rement le style classique? Le manteau de foyer traditionnel peut \u00eatre fait compl\u00e8tement de porcelaine ou de pierre naturelle!<\/p>\n<p>\u27a1\ufe0f Ensuite, la d\u00e9coration joue un r\u00f4le important dans l\u2019am\u00e9nagement de son foyer. Elle permet d\u2019y ajouter sa touche personnelle et d\u2019habiller celui-ci de mani\u00e8re \u00e0 permettre du rangement comme des tablettes d\u00e9coratives ou des biblioth\u00e8ques encastr\u00e9es.<\/p>\n<p>\u27a1\ufe0f Ajoutez-y des livres, objets d\u00e9coratifs, des tableaux d\u2019arts ou un grand miroir pour lui donner de la prestance.<\/p>\n<p>\u27a1\ufe0f Finalement, les \u00e9l\u00e9ments d\u2019\u00e9clairage font partis des choix \u00e0 consid\u00e9rer lorsque nous avons un foyer.<\/p>\n<p>\u27a1\ufe0f Des luminaires muraux, un suspendu, des DEL? Les murales ajoutent une touche sophistiqu\u00e9e et enveloppe parfaitement le manteau. Un suspendu au centre de votre pi\u00e8ce fera en sorte d\u2019ajouter de la hauteur \u00e0 votre de manteau de chemin\u00e9e et pourra faire un magnifique \u00e9l\u00e9ment compl\u00e9mentaire \u00e0 celui-ci. Et pour terminer, les lumi\u00e8res DEL sont une astuce parfaite pour \u00a0les objets d\u00e9coratifs d\u00e9pos\u00e9s sur les tablettes.<\/p>\n<p>\ud83d\udd70En r\u00e9sum\u00e9, faites ressortir les atouts de votre foyer et profitez-en pour vous y d\u00e9tendre!<\/p>\n<p>Bon samedi \u00e0 tous! \u2615\ufe0f<\/p>\n<\/div><div ><a class=\"fusion-button button-flat fusion-button-default-size button-default fusion-button-default button-1 fusion-button-default-span fusion-button-default-type\" target=\"_self\" href=\"https:\/\/creations-interieures.com\/#contact\"><span class=\"fusion-button-text\">PRENDRE RENDEZ-VOUS<\/span><\/a><\/div><\/div><\/div><\/div><\/div>\n","protected":false},"excerpt":{"rendered":"","protected":false},"author":2,"featured_media":405,"comment_status":"closed","ping_status":"closed","sticky":false,"template":"","format":"standard","meta":{"footnotes":""},"categories":[5],"tags":[],"class_list":["post-395","post","type-post","status-publish","format-standard","has-post-thumbnail","hentry","category-conseils-deco"],"yoast_head":"<!-- This site is optimized with the Yoast SEO plugin v27.5 - https:\/\/yoast.com\/product\/yoast-seo-wordpress\/ -->\n<title>Comment donner un aspect haut de gamme \u00e0 notre foyer? - Cr&eacute;ations Int&eacute;rieures - Marie-Pier Desjardins<\/title>\n<meta name=\"robots\" content=\"index, follow, max-snippet:-1, max-image-preview:large, max-video-preview:-1\" \/>\n<link rel=\"canonical\" href=\"https:\/\/creations-interieures.com\/en\/comment-donner-un-aspect-haut-de-gamme-a-notre-foyer\/\" \/>\n<meta property=\"og:locale\" content=\"fr_CA\" \/>\n<meta property=\"og:type\" content=\"article\" \/>\n<meta property=\"og:title\" content=\"Comment donner un aspect haut de gamme \u00e0 notre foyer? - Cr&eacute;ations Int&eacute;rieures - Marie-Pier Desjardins\" \/>\n<meta property=\"og:url\" content=\"https:\/\/creations-interieures.com\/en\/comment-donner-un-aspect-haut-de-gamme-a-notre-foyer\/\" \/>\n<meta property=\"og:site_name\" content=\"Cr&eacute;ations Int&eacute;rieures - Marie-Pier Desjardins\" \/>\n<meta property=\"article:publisher\" content=\"https:\/\/www.facebook.com\/profile.php?id=100064656193393\" \/>\n<meta property=\"article:published_time\" content=\"2023-03-03T15:55:09+00:00\" \/>\n<meta property=\"article:modified_time\" content=\"2023-03-21T20:09:36+00:00\" \/>\n<meta property=\"og:image\" content=\"https:\/\/creations-interieures.com\/en\/wp-content\/uploads\/2023\/02\/CAPSULE-SAMEDI-MARS-2023.png\" \/>\n\t<meta property=\"og:image:width\" content=\"600\" \/>\n\t<meta property=\"og:image:height\" content=\"200\" \/>\n\t<meta property=\"og:image:type\" content=\"image\/png\" \/>\n<meta name=\"author\" content=\"marie-pier\" \/>\n<meta name=\"twitter:card\" content=\"summary_large_image\" \/>\n<meta name=\"twitter:label1\" content=\"\u00c9crit par\" \/>\n\t<meta name=\"twitter:data1\" content=\"marie-pier\" \/>\n\t<meta name=\"twitter:label2\" content=\"Estimation du temps de lecture\" \/>\n\t<meta name=\"twitter:data2\" content=\"7 minutes\" \/>\n<script type=\"application\/ld+json\" class=\"yoast-schema-graph\">{\"@context\":\"https:\\\/\\\/schema.org\",\"@graph\":[{\"@type\":\"Article\",\"@id\":\"https:\\\/\\\/creations-interieures.com\\\/en\\\/comment-donner-un-aspect-haut-de-gamme-a-notre-foyer\\\/#article\",\"isPartOf\":{\"@id\":\"https:\\\/\\\/creations-interieures.com\\\/en\\\/comment-donner-un-aspect-haut-de-gamme-a-notre-foyer\\\/\"},\"author\":{\"name\":\"marie-pier\",\"@id\":\"https:\\\/\\\/creations-interieures.com\\\/en\\\/#\\\/schema\\\/person\\\/85069cd9e77178c31ac1a10b8c5de9d4\"},\"headline\":\"Comment donner un aspect haut de gamme \u00e0 notre foyer?\",\"datePublished\":\"2023-03-03T15:55:09+00:00\",\"dateModified\":\"2023-03-21T20:09:36+00:00\",\"mainEntityOfPage\":{\"@id\":\"https:\\\/\\\/creations-interieures.com\\\/en\\\/comment-donner-un-aspect-haut-de-gamme-a-notre-foyer\\\/\"},\"wordCount\":1390,\"publisher\":{\"@id\":\"https:\\\/\\\/creations-interieures.com\\\/en\\\/#organization\"},\"image\":{\"@id\":\"https:\\\/\\\/creations-interieures.com\\\/en\\\/comment-donner-un-aspect-haut-de-gamme-a-notre-foyer\\\/#primaryimage\"},\"thumbnailUrl\":\"https:\\\/\\\/creations-interieures.com\\\/en\\\/wp-content\\\/uploads\\\/2023\\\/02\\\/CAPSULE-SAMEDI-MARS-2023.png\",\"articleSection\":[\"Conseils d\u00e9co\"],\"inLanguage\":\"fr-CA\"},{\"@type\":\"WebPage\",\"@id\":\"https:\\\/\\\/creations-interieures.com\\\/en\\\/comment-donner-un-aspect-haut-de-gamme-a-notre-foyer\\\/\",\"url\":\"https:\\\/\\\/creations-interieures.com\\\/en\\\/comment-donner-un-aspect-haut-de-gamme-a-notre-foyer\\\/\",\"name\":\"Comment donner un aspect haut de gamme \u00e0 notre foyer? - Cr&eacute;ations Int&eacute;rieures - Marie-Pier Desjardins\",\"isPartOf\":{\"@id\":\"https:\\\/\\\/creations-interieures.com\\\/en\\\/#website\"},\"primaryImageOfPage\":{\"@id\":\"https:\\\/\\\/creations-interieures.com\\\/en\\\/comment-donner-un-aspect-haut-de-gamme-a-notre-foyer\\\/#primaryimage\"},\"image\":{\"@id\":\"https:\\\/\\\/creations-interieures.com\\\/en\\\/comment-donner-un-aspect-haut-de-gamme-a-notre-foyer\\\/#primaryimage\"},\"thumbnailUrl\":\"https:\\\/\\\/creations-interieures.com\\\/en\\\/wp-content\\\/uploads\\\/2023\\\/02\\\/CAPSULE-SAMEDI-MARS-2023.png\",\"datePublished\":\"2023-03-03T15:55:09+00:00\",\"dateModified\":\"2023-03-21T20:09:36+00:00\",\"breadcrumb\":{\"@id\":\"https:\\\/\\\/creations-interieures.com\\\/en\\\/comment-donner-un-aspect-haut-de-gamme-a-notre-foyer\\\/#breadcrumb\"},\"inLanguage\":\"fr-CA\",\"potentialAction\":[{\"@type\":\"ReadAction\",\"target\":[\"https:\\\/\\\/creations-interieures.com\\\/en\\\/comment-donner-un-aspect-haut-de-gamme-a-notre-foyer\\\/\"]}]},{\"@type\":\"ImageObject\",\"inLanguage\":\"fr-CA\",\"@id\":\"https:\\\/\\\/creations-interieures.com\\\/en\\\/comment-donner-un-aspect-haut-de-gamme-a-notre-foyer\\\/#primaryimage\",\"url\":\"https:\\\/\\\/creations-interieures.com\\\/en\\\/wp-content\\\/uploads\\\/2023\\\/02\\\/CAPSULE-SAMEDI-MARS-2023.png\",\"contentUrl\":\"https:\\\/\\\/creations-interieures.com\\\/en\\\/wp-content\\\/uploads\\\/2023\\\/02\\\/CAPSULE-SAMEDI-MARS-2023.png\",\"width\":600,\"height\":200,\"caption\":\"Professionnel sp\u00e9cialis\u00e9 dans la conception et l'am\u00e9nagement d'espaces int\u00e9rieurs\"},{\"@type\":\"BreadcrumbList\",\"@id\":\"https:\\\/\\\/creations-interieures.com\\\/en\\\/comment-donner-un-aspect-haut-de-gamme-a-notre-foyer\\\/#breadcrumb\",\"itemListElement\":[{\"@type\":\"ListItem\",\"position\":1,\"name\":\"Accueil\",\"item\":\"https:\\\/\\\/creations-interieures.com\\\/en\\\/\"},{\"@type\":\"ListItem\",\"position\":2,\"name\":\"Comment donner un aspect haut de gamme \u00e0 notre foyer?\"}]},{\"@type\":\"WebSite\",\"@id\":\"https:\\\/\\\/creations-interieures.com\\\/en\\\/#website\",\"url\":\"https:\\\/\\\/creations-interieures.com\\\/en\\\/\",\"name\":\"Marie-Pier Desjardins, Designer Int\u00e9rieur\",\"description\":\"Designer Int&eacute;rieur, conception, d&eacute;coration, relook\",\"publisher\":{\"@id\":\"https:\\\/\\\/creations-interieures.com\\\/en\\\/#organization\"},\"potentialAction\":[{\"@type\":\"SearchAction\",\"target\":{\"@type\":\"EntryPoint\",\"urlTemplate\":\"https:\\\/\\\/creations-interieures.com\\\/en\\\/?s={search_term_string}\"},\"query-input\":{\"@type\":\"PropertyValueSpecification\",\"valueRequired\":true,\"valueName\":\"search_term_string\"}}],\"inLanguage\":\"fr-CA\"},{\"@type\":\"Organization\",\"@id\":\"https:\\\/\\\/creations-interieures.com\\\/en\\\/#organization\",\"name\":\"Sp\u00e9cialis\u00e9 dans la conception et l'am\u00e9nagement d'espaces int\u00e9rieurs\",\"url\":\"https:\\\/\\\/creations-interieures.com\\\/en\\\/\",\"logo\":{\"@type\":\"ImageObject\",\"inLanguage\":\"fr-CA\",\"@id\":\"https:\\\/\\\/creations-interieures.com\\\/en\\\/#\\\/schema\\\/logo\\\/image\\\/\",\"url\":\"https:\\\/\\\/creations-interieures.com\\\/wp-content\\\/uploads\\\/2021\\\/12\\\/logo-ci-almond-chestnut-1.png\",\"contentUrl\":\"https:\\\/\\\/creations-interieures.com\\\/wp-content\\\/uploads\\\/2021\\\/12\\\/logo-ci-almond-chestnut-1.png\",\"width\":400,\"height\":343,\"caption\":\"Sp\u00e9cialis\u00e9 dans la conception et l'am\u00e9nagement d'espaces int\u00e9rieurs\"},\"image\":{\"@id\":\"https:\\\/\\\/creations-interieures.com\\\/en\\\/#\\\/schema\\\/logo\\\/image\\\/\"},\"sameAs\":[\"https:\\\/\\\/www.facebook.com\\\/profile.php?id=100064656193393\"]},{\"@type\":\"Person\",\"@id\":\"https:\\\/\\\/creations-interieures.com\\\/en\\\/#\\\/schema\\\/person\\\/85069cd9e77178c31ac1a10b8c5de9d4\",\"name\":\"marie-pier\",\"image\":{\"@type\":\"ImageObject\",\"inLanguage\":\"fr-CA\",\"@id\":\"https:\\\/\\\/secure.gravatar.com\\\/avatar\\\/2176b9370443aaac1b8301cc05d052430dc72e49bde24f0c63c600a993d25ca7?s=96&d=mm&r=g\",\"url\":\"https:\\\/\\\/secure.gravatar.com\\\/avatar\\\/2176b9370443aaac1b8301cc05d052430dc72e49bde24f0c63c600a993d25ca7?s=96&d=mm&r=g\",\"contentUrl\":\"https:\\\/\\\/secure.gravatar.com\\\/avatar\\\/2176b9370443aaac1b8301cc05d052430dc72e49bde24f0c63c600a993d25ca7?s=96&d=mm&r=g\",\"caption\":\"marie-pier\"},\"url\":\"https:\\\/\\\/creations-interieures.com\\\/en\\\/author\\\/marie-pier\\\/\"}]}<\/script>\n<!-- \/ Yoast SEO plugin. -->","yoast_head_json":{"title":"Comment donner un aspect haut de gamme \u00e0 notre foyer? - Cr&eacute;ations Int&eacute;rieures - Marie-Pier Desjardins","robots":{"index":"index","follow":"follow","max-snippet":"max-snippet:-1","max-image-preview":"max-image-preview:large","max-video-preview":"max-video-preview:-1"},"canonical":"https:\/\/creations-interieures.com\/en\/comment-donner-un-aspect-haut-de-gamme-a-notre-foyer\/","og_locale":"fr_CA","og_type":"article","og_title":"Comment donner un aspect haut de gamme \u00e0 notre foyer? - Cr&eacute;ations Int&eacute;rieures - Marie-Pier Desjardins","og_url":"https:\/\/creations-interieures.com\/en\/comment-donner-un-aspect-haut-de-gamme-a-notre-foyer\/","og_site_name":"Cr&eacute;ations Int&eacute;rieures - Marie-Pier Desjardins","article_publisher":"https:\/\/www.facebook.com\/profile.php?id=100064656193393","article_published_time":"2023-03-03T15:55:09+00:00","article_modified_time":"2023-03-21T20:09:36+00:00","og_image":[{"width":600,"height":200,"url":"https:\/\/creations-interieures.com\/en\/wp-content\/uploads\/2023\/02\/CAPSULE-SAMEDI-MARS-2023.png","type":"image\/png"}],"author":"marie-pier","twitter_card":"summary_large_image","twitter_misc":{"\u00c9crit par":"marie-pier","Estimation du temps de lecture":"7 minutes"},"schema":{"@context":"https:\/\/schema.org","@graph":[{"@type":"Article","@id":"https:\/\/creations-interieures.com\/en\/comment-donner-un-aspect-haut-de-gamme-a-notre-foyer\/#article","isPartOf":{"@id":"https:\/\/creations-interieures.com\/en\/comment-donner-un-aspect-haut-de-gamme-a-notre-foyer\/"},"author":{"name":"marie-pier","@id":"https:\/\/creations-interieures.com\/en\/#\/schema\/person\/85069cd9e77178c31ac1a10b8c5de9d4"},"headline":"Comment donner un aspect haut de gamme \u00e0 notre foyer?","datePublished":"2023-03-03T15:55:09+00:00","dateModified":"2023-03-21T20:09:36+00:00","mainEntityOfPage":{"@id":"https:\/\/creations-interieures.com\/en\/comment-donner-un-aspect-haut-de-gamme-a-notre-foyer\/"},"wordCount":1390,"publisher":{"@id":"https:\/\/creations-interieures.com\/en\/#organization"},"image":{"@id":"https:\/\/creations-interieures.com\/en\/comment-donner-un-aspect-haut-de-gamme-a-notre-foyer\/#primaryimage"},"thumbnailUrl":"https:\/\/creations-interieures.com\/en\/wp-content\/uploads\/2023\/02\/CAPSULE-SAMEDI-MARS-2023.png","articleSection":["Conseils d\u00e9co"],"inLanguage":"fr-CA"},{"@type":"WebPage","@id":"https:\/\/creations-interieures.com\/en\/comment-donner-un-aspect-haut-de-gamme-a-notre-foyer\/","url":"https:\/\/creations-interieures.com\/en\/comment-donner-un-aspect-haut-de-gamme-a-notre-foyer\/","name":"Comment donner un aspect haut de gamme \u00e0 notre foyer? - Cr&eacute;ations Int&eacute;rieures - Marie-Pier Desjardins","isPartOf":{"@id":"https:\/\/creations-interieures.com\/en\/#website"},"primaryImageOfPage":{"@id":"https:\/\/creations-interieures.com\/en\/comment-donner-un-aspect-haut-de-gamme-a-notre-foyer\/#primaryimage"},"image":{"@id":"https:\/\/creations-interieures.com\/en\/comment-donner-un-aspect-haut-de-gamme-a-notre-foyer\/#primaryimage"},"thumbnailUrl":"https:\/\/creations-interieures.com\/en\/wp-content\/uploads\/2023\/02\/CAPSULE-SAMEDI-MARS-2023.png","datePublished":"2023-03-03T15:55:09+00:00","dateModified":"2023-03-21T20:09:36+00:00","breadcrumb":{"@id":"https:\/\/creations-interieures.com\/en\/comment-donner-un-aspect-haut-de-gamme-a-notre-foyer\/#breadcrumb"},"inLanguage":"fr-CA","potentialAction":[{"@type":"ReadAction","target":["https:\/\/creations-interieures.com\/en\/comment-donner-un-aspect-haut-de-gamme-a-notre-foyer\/"]}]},{"@type":"ImageObject","inLanguage":"fr-CA","@id":"https:\/\/creations-interieures.com\/en\/comment-donner-un-aspect-haut-de-gamme-a-notre-foyer\/#primaryimage","url":"https:\/\/creations-interieures.com\/en\/wp-content\/uploads\/2023\/02\/CAPSULE-SAMEDI-MARS-2023.png","contentUrl":"https:\/\/creations-interieures.com\/en\/wp-content\/uploads\/2023\/02\/CAPSULE-SAMEDI-MARS-2023.png","width":600,"height":200,"caption":"Professionnel sp\u00e9cialis\u00e9 dans la conception et l'am\u00e9nagement d'espaces int\u00e9rieurs"},{"@type":"BreadcrumbList","@id":"https:\/\/creations-interieures.com\/en\/comment-donner-un-aspect-haut-de-gamme-a-notre-foyer\/#breadcrumb","itemListElement":[{"@type":"ListItem","position":1,"name":"Accueil","item":"https:\/\/creations-interieures.com\/en\/"},{"@type":"ListItem","position":2,"name":"Comment donner un aspect haut de gamme \u00e0 notre foyer?"}]},{"@type":"WebSite","@id":"https:\/\/creations-interieures.com\/en\/#website","url":"https:\/\/creations-interieures.com\/en\/","name":"Marie-Pier Desjardins, Designer Int\u00e9rieur","description":"Designer Int&eacute;rieur, conception, d&eacute;coration, relook","publisher":{"@id":"https:\/\/creations-interieures.com\/en\/#organization"},"potentialAction":[{"@type":"SearchAction","target":{"@type":"EntryPoint","urlTemplate":"https:\/\/creations-interieures.com\/en\/?s={search_term_string}"},"query-input":{"@type":"PropertyValueSpecification","valueRequired":true,"valueName":"search_term_string"}}],"inLanguage":"fr-CA"},{"@type":"Organization","@id":"https:\/\/creations-interieures.com\/en\/#organization","name":"Sp\u00e9cialis\u00e9 dans la conception et l'am\u00e9nagement d'espaces int\u00e9rieurs","url":"https:\/\/creations-interieures.com\/en\/","logo":{"@type":"ImageObject","inLanguage":"fr-CA","@id":"https:\/\/creations-interieures.com\/en\/#\/schema\/logo\/image\/","url":"https:\/\/creations-interieures.com\/wp-content\/uploads\/2021\/12\/logo-ci-almond-chestnut-1.png","contentUrl":"https:\/\/creations-interieures.com\/wp-content\/uploads\/2021\/12\/logo-ci-almond-chestnut-1.png","width":400,"height":343,"caption":"Sp\u00e9cialis\u00e9 dans la conception et l'am\u00e9nagement d'espaces int\u00e9rieurs"},"image":{"@id":"https:\/\/creations-interieures.com\/en\/#\/schema\/logo\/image\/"},"sameAs":["https:\/\/www.facebook.com\/profile.php?id=100064656193393"]},{"@type":"Person","@id":"https:\/\/creations-interieures.com\/en\/#\/schema\/person\/85069cd9e77178c31ac1a10b8c5de9d4","name":"marie-pier","image":{"@type":"ImageObject","inLanguage":"fr-CA","@id":"https:\/\/secure.gravatar.com\/avatar\/2176b9370443aaac1b8301cc05d052430dc72e49bde24f0c63c600a993d25ca7?s=96&d=mm&r=g","url":"https:\/\/secure.gravatar.com\/avatar\/2176b9370443aaac1b8301cc05d052430dc72e49bde24f0c63c600a993d25ca7?s=96&d=mm&r=g","contentUrl":"https:\/\/secure.gravatar.com\/avatar\/2176b9370443aaac1b8301cc05d052430dc72e49bde24f0c63c600a993d25ca7?s=96&d=mm&r=g","caption":"marie-pier"},"url":"https:\/\/creations-interieures.com\/en\/author\/marie-pier\/"}]}},"_links":{"self":[{"href":"https:\/\/creations-interieures.com\/en\/wp-json\/wp\/v2\/posts\/395","targetHints":{"allow":["GET"]}}],"collection":[{"href":"https:\/\/creations-interieures.com\/en\/wp-json\/wp\/v2\/posts"}],"about":[{"href":"https:\/\/creations-interieures.com\/en\/wp-json\/wp\/v2\/types\/post"}],"author":[{"embeddable":true,"href":"https:\/\/creations-interieures.com\/en\/wp-json\/wp\/v2\/users\/2"}],"replies":[{"embeddable":true,"href":"https:\/\/creations-interieures.com\/en\/wp-json\/wp\/v2\/comments?post=395"}],"version-history":[{"count":7,"href":"https:\/\/creations-interieures.com\/en\/wp-json\/wp\/v2\/posts\/395\/revisions"}],"predecessor-version":[{"id":407,"href":"https:\/\/creations-interieures.com\/en\/wp-json\/wp\/v2\/posts\/395\/revisions\/407"}],"wp:featuredmedia":[{"embeddable":true,"href":"https:\/\/creations-interieures.com\/en\/wp-json\/wp\/v2\/media\/405"}],"wp:attachment":[{"href":"https:\/\/creations-interieures.com\/en\/wp-json\/wp\/v2\/media?parent=395"}],"wp:term":[{"taxonomy":"category","embeddable":true,"href":"https:\/\/creations-interieures.com\/en\/wp-json\/wp\/v2\/categories?post=395"},{"taxonomy":"post_tag","embeddable":true,"href":"https:\/\/creations-interieures.com\/en\/wp-json\/wp\/v2\/tags?post=395"}],"curies":[{"name":"wp","href":"https:\/\/api.w.org\/{rel}","templated":true}]}}