{"id":2,"name":"marie-pier","url":"","description":"","link":"https:\/\/creations-interieures.com\/en\/author\/marie-pier\/","slug":"marie-pier","avatar_urls":{"24":"https:\/\/secure.gravatar.com\/avatar\/2176b9370443aaac1b8301cc05d052430dc72e49bde24f0c63c600a993d25ca7?s=24&d=mm&r=g","48":"https:\/\/secure.gravatar.com\/avatar\/2176b9370443aaac1b8301cc05d052430dc72e49bde24f0c63c600a993d25ca7?s=48&d=mm&r=g","96":"https:\/\/secure.gravatar.com\/avatar\/2176b9370443aaac1b8301cc05d052430dc72e49bde24f0c63c600a993d25ca7?s=96&d=mm&r=g"},"meta":[],"yoast_head":"<!-- This site is optimized with the Yoast SEO plugin v27.5 - https:\/\/yoast.com\/product\/yoast-seo-wordpress\/ -->\n<title>marie-pier, auteur sur Cr&eacute;ations Int&eacute;rieures - Marie-Pier Desjardins<\/title>\n<meta name=\"robots\" content=\"index, follow, max-snippet:-1, max-image-preview:large, max-video-preview:-1\" \/>\n<link rel=\"canonical\" href=\"https:\/\/creations-interieures.com\/en\/author\/marie-pier\/\" \/>\n<meta property=\"og:locale\" content=\"fr_CA\" \/>\n<meta property=\"og:type\" content=\"profile\" \/>\n<meta property=\"og:title\" content=\"marie-pier, auteur sur Cr&eacute;ations Int&eacute;rieures - Marie-Pier Desjardins\" \/>\n<meta property=\"og:url\" content=\"https:\/\/creations-interieures.com\/en\/author\/marie-pier\/\" \/>\n<meta property=\"og:site_name\" content=\"Cr&eacute;ations Int&eacute;rieures - Marie-Pier Desjardins\" \/>\n<meta property=\"og:image\" content=\"https:\/\/secure.gravatar.com\/avatar\/c8726bfe36d03ea7aa5ab051adf3f8b7?s=500&d=mm&r=g\" \/>\n<meta name=\"twitter:card\" content=\"summary_large_image\" \/>\n<script type=\"application\/ld+json\" class=\"yoast-schema-graph\">{\"@context\":\"https:\\\/\\\/schema.org\",\"@graph\":[{\"@type\":\"ProfilePage\",\"@id\":\"https:\\\/\\\/creations-interieures.com\\\/en\\\/author\\\/marie-pier\\\/\",\"url\":\"https:\\\/\\\/creations-interieures.com\\\/en\\\/author\\\/marie-pier\\\/\",\"name\":\"marie-pier, auteur sur Cr&eacute;ations Int&eacute;rieures - Marie-Pier Desjardins\",\"isPartOf\":{\"@id\":\"https:\\\/\\\/creations-interieures.com\\\/en\\\/#website\"},\"breadcrumb\":{\"@id\":\"https:\\\/\\\/creations-interieures.com\\\/en\\\/author\\\/marie-pier\\\/#breadcrumb\"},\"inLanguage\":\"fr-CA\",\"potentialAction\":[{\"@type\":\"ReadAction\",\"target\":[\"https:\\\/\\\/creations-interieures.com\\\/en\\\/author\\\/marie-pier\\\/\"]}]},{\"@type\":\"BreadcrumbList\",\"@id\":\"https:\\\/\\\/creations-interieures.com\\\/en\\\/author\\\/marie-pier\\\/#breadcrumb\",\"itemListElement\":[{\"@type\":\"ListItem\",\"position\":1,\"name\":\"Accueil\",\"item\":\"https:\\\/\\\/creations-interieures.com\\\/en\\\/\"},{\"@type\":\"ListItem\",\"position\":2,\"name\":\"Archives pour marie-pier\"}]},{\"@type\":\"WebSite\",\"@id\":\"https:\\\/\\\/creations-interieures.com\\\/en\\\/#website\",\"url\":\"https:\\\/\\\/creations-interieures.com\\\/en\\\/\",\"name\":\"Marie-Pier Desjardins, Designer Int\u00e9rieur\",\"description\":\"Designer Int&eacute;rieur, conception, d&eacute;coration, relook\",\"publisher\":{\"@id\":\"https:\\\/\\\/creations-interieures.com\\\/en\\\/#organization\"},\"potentialAction\":[{\"@type\":\"SearchAction\",\"target\":{\"@type\":\"EntryPoint\",\"urlTemplate\":\"https:\\\/\\\/creations-interieures.com\\\/en\\\/?s={search_term_string}\"},\"query-input\":{\"@type\":\"PropertyValueSpecification\",\"valueRequired\":true,\"valueName\":\"search_term_string\"}}],\"inLanguage\":\"fr-CA\"},{\"@type\":\"Organization\",\"@id\":\"https:\\\/\\\/creations-interieures.com\\\/en\\\/#organization\",\"name\":\"Sp\u00e9cialis\u00e9 dans la conception et l'am\u00e9nagement d'espaces int\u00e9rieurs\",\"url\":\"https:\\\/\\\/creations-interieures.com\\\/en\\\/\",\"logo\":{\"@type\":\"ImageObject\",\"inLanguage\":\"fr-CA\",\"@id\":\"https:\\\/\\\/creations-interieures.com\\\/en\\\/#\\\/schema\\\/logo\\\/image\\\/\",\"url\":\"https:\\\/\\\/creations-interieures.com\\\/wp-content\\\/uploads\\\/2021\\\/12\\\/logo-ci-almond-chestnut-1.png\",\"contentUrl\":\"https:\\\/\\\/creations-interieures.com\\\/wp-content\\\/uploads\\\/2021\\\/12\\\/logo-ci-almond-chestnut-1.png\",\"width\":400,\"height\":343,\"caption\":\"Sp\u00e9cialis\u00e9 dans la conception et l'am\u00e9nagement d'espaces int\u00e9rieurs\"},\"image\":{\"@id\":\"https:\\\/\\\/creations-interieures.com\\\/en\\\/#\\\/schema\\\/logo\\\/image\\\/\"},\"sameAs\":[\"https:\\\/\\\/www.facebook.com\\\/profile.php?id=100064656193393\"]},{\"@type\":\"Person\",\"@id\":\"https:\\\/\\\/creations-interieures.com\\\/en\\\/#\\\/schema\\\/person\\\/85069cd9e77178c31ac1a10b8c5de9d4\",\"name\":\"marie-pier\",\"image\":{\"@type\":\"ImageObject\",\"inLanguage\":\"fr-CA\",\"@id\":\"https:\\\/\\\/secure.gravatar.com\\\/avatar\\\/2176b9370443aaac1b8301cc05d052430dc72e49bde24f0c63c600a993d25ca7?s=96&d=mm&r=g\",\"url\":\"https:\\\/\\\/secure.gravatar.com\\\/avatar\\\/2176b9370443aaac1b8301cc05d052430dc72e49bde24f0c63c600a993d25ca7?s=96&d=mm&r=g\",\"contentUrl\":\"https:\\\/\\\/secure.gravatar.com\\\/avatar\\\/2176b9370443aaac1b8301cc05d052430dc72e49bde24f0c63c600a993d25ca7?s=96&d=mm&r=g\",\"caption\":\"marie-pier\"},\"mainEntityOfPage\":{\"@id\":\"https:\\\/\\\/creations-interieures.com\\\/en\\\/author\\\/marie-pier\\\/\"}}]}<\/script>\n<!-- \/ Yoast SEO plugin. -->","yoast_head_json":{"title":"marie-pier, auteur sur Cr&eacute;ations Int&eacute;rieures - Marie-Pier Desjardins","robots":{"index":"index","follow":"follow","max-snippet":"max-snippet:-1","max-image-preview":"max-image-preview:large","max-video-preview":"max-video-preview:-1"},"canonical":"https:\/\/creations-interieures.com\/en\/author\/marie-pier\/","og_locale":"fr_CA","og_type":"profile","og_title":"marie-pier, auteur sur Cr&eacute;ations Int&eacute;rieures - Marie-Pier Desjardins","og_url":"https:\/\/creations-interieures.com\/en\/author\/marie-pier\/","og_site_name":"Cr&eacute;ations Int&eacute;rieures - Marie-Pier Desjardins","og_image":[{"url":"https:\/\/secure.gravatar.com\/avatar\/c8726bfe36d03ea7aa5ab051adf3f8b7?s=500&d=mm&r=g","type":"","width":"","height":""}],"twitter_card":"summary_large_image","schema":{"@context":"https:\/\/schema.org","@graph":[{"@type":"ProfilePage","@id":"https:\/\/creations-interieures.com\/en\/author\/marie-pier\/","url":"https:\/\/creations-interieures.com\/en\/author\/marie-pier\/","name":"marie-pier, auteur sur Cr&eacute;ations Int&eacute;rieures - Marie-Pier Desjardins","isPartOf":{"@id":"https:\/\/creations-interieures.com\/en\/#website"},"breadcrumb":{"@id":"https:\/\/creations-interieures.com\/en\/author\/marie-pier\/#breadcrumb"},"inLanguage":"fr-CA","potentialAction":[{"@type":"ReadAction","target":["https:\/\/creations-interieures.com\/en\/author\/marie-pier\/"]}]},{"@type":"BreadcrumbList","@id":"https:\/\/creations-interieures.com\/en\/author\/marie-pier\/#breadcrumb","itemListElement":[{"@type":"ListItem","position":1,"name":"Accueil","item":"https:\/\/creations-interieures.com\/en\/"},{"@type":"ListItem","position":2,"name":"Archives pour marie-pier"}]},{"@type":"WebSite","@id":"https:\/\/creations-interieures.com\/en\/#website","url":"https:\/\/creations-interieures.com\/en\/","name":"Marie-Pier Desjardins, Designer Int\u00e9rieur","description":"Designer Int&eacute;rieur, conception, d&eacute;coration, relook","publisher":{"@id":"https:\/\/creations-interieures.com\/en\/#organization"},"potentialAction":[{"@type":"SearchAction","target":{"@type":"EntryPoint","urlTemplate":"https:\/\/creations-interieures.com\/en\/?s={search_term_string}"},"query-input":{"@type":"PropertyValueSpecification","valueRequired":true,"valueName":"search_term_string"}}],"inLanguage":"fr-CA"},{"@type":"Organization","@id":"https:\/\/creations-interieures.com\/en\/#organization","name":"Sp\u00e9cialis\u00e9 dans la conception et l'am\u00e9nagement d'espaces int\u00e9rieurs","url":"https:\/\/creations-interieures.com\/en\/","logo":{"@type":"ImageObject","inLanguage":"fr-CA","@id":"https:\/\/creations-interieures.com\/en\/#\/schema\/logo\/image\/","url":"https:\/\/creations-interieures.com\/wp-content\/uploads\/2021\/12\/logo-ci-almond-chestnut-1.png","contentUrl":"https:\/\/creations-interieures.com\/wp-content\/uploads\/2021\/12\/logo-ci-almond-chestnut-1.png","width":400,"height":343,"caption":"Sp\u00e9cialis\u00e9 dans la conception et l'am\u00e9nagement d'espaces int\u00e9rieurs"},"image":{"@id":"https:\/\/creations-interieures.com\/en\/#\/schema\/logo\/image\/"},"sameAs":["https:\/\/www.facebook.com\/profile.php?id=100064656193393"]},{"@type":"Person","@id":"https:\/\/creations-interieures.com\/en\/#\/schema\/person\/85069cd9e77178c31ac1a10b8c5de9d4","name":"marie-pier","image":{"@type":"ImageObject","inLanguage":"fr-CA","@id":"https:\/\/secure.gravatar.com\/avatar\/2176b9370443aaac1b8301cc05d052430dc72e49bde24f0c63c600a993d25ca7?s=96&d=mm&r=g","url":"https:\/\/secure.gravatar.com\/avatar\/2176b9370443aaac1b8301cc05d052430dc72e49bde24f0c63c600a993d25ca7?s=96&d=mm&r=g","contentUrl":"https:\/\/secure.gravatar.com\/avatar\/2176b9370443aaac1b8301cc05d052430dc72e49bde24f0c63c600a993d25ca7?s=96&d=mm&r=g","caption":"marie-pier"},"mainEntityOfPage":{"@id":"https:\/\/creations-interieures.com\/en\/author\/marie-pier\/"}}]}},"_links":{"self":[{"href":"https:\/\/creations-interieures.com\/en\/wp-json\/wp\/v2\/users\/2","targetHints":{"allow":["GET"]}}],"collection":[{"href":"https:\/\/creations-interieures.com\/en\/wp-json\/wp\/v2\/users"}]}}